{"id":5267,"date":"2019-09-23T13:10:19","date_gmt":"2019-09-23T13:10:19","guid":{"rendered":"https:\/\/www.57pdm.org\/?p=5267"},"modified":"2019-09-23T13:25:32","modified_gmt":"2019-09-23T13:25:32","slug":"le-grandest-prend-leau-de-partout-une-opportunite-pour-2021","status":"publish","type":"post","link":"https:\/\/www.57pdm.org\/de\/le-grandest-prend-leau-de-partout-une-opportunite-pour-2021\/","title":{"rendered":"Le GrandEst prend l&#8217;eau de partout : une opportunit\u00e9 pour 2021 ?"},"content":{"rendered":"<p>[et_pb_section fb_built=&#8220;1&#8243; admin_label=&#8220;section&#8220; _builder_version=&#8220;3.22.3&#8243;][et_pb_row admin_label=&#8220;row&#8220; _builder_version=&#8220;3.22.3&#8243; background_size=&#8220;initial&#8220; background_position=&#8220;top_left&#8220; background_repeat=&#8220;repeat&#8220;][et_pb_column type=&#8220;4_4&#8243; _builder_version=&#8220;3.0.47&#8243;][et_pb_text admin_label=&#8220;Text&#8220; _builder_version=&#8220;3.24.1&#8243; text_font=&#8220;||||||||&#8220; text_text_align=&#8220;justify&#8220; background_size=&#8220;initial&#8220; background_position=&#8220;top_left&#8220; background_repeat=&#8220;repeat&#8220;]<\/p>\n<p>D\u00e9part de plusieurs \u00e9lus du groupe majoritaire pour fonder le <a href=\"https:\/\/www.hebdi.com\/groupe-alsace-majorite-rottner-secouee\/\">groupe dissident \u00ab\u00a0Alsace et territoire\u00a0<\/a>\u00bb, <a href=\"https:\/\/www.rue89strasbourg.com\/lilla-merabet-condamnee-transparence-160048\">condamnation en premi\u00e8re instance de Lilla Merabet<\/a>, vice-pr\u00e9sidente du Conseil r\u00e9gional, <a href=\"https:\/\/www.dna.fr\/politique\/2019\/08\/31\/abbaye-des-premontres-anticor-s-interroge\">ANTICOR qui s\u2019interroge sur les conflits d\u2019int\u00e9r\u00eats de Val\u00e9rie Debord<\/a>, autre vice-pr\u00e9sidente, m\u00e9contentement tr\u00e8s majoritaire des citoyens des 10 d\u00e9partements constituant l\u2019entit\u00e9 GrandEst face \u00e0 l\u2019absence d\u2019\u00e9conomies et \u00e0 l\u2019explosion des \u00a0d\u00e9penses, y compris inutiles (comme ces co\u00fbteux <a href=\"https:\/\/www.dna.fr\/politique\/2018\/07\/12\/la-region-s-offre-une-ambassade-a-paris\">bureaux de repr\u00e9sentation du Grand Est<\/a> \u00e0 Paris inaugur\u00e9s il y a 10 jours) et maintenant <a href=\"https:\/\/www.dna.fr\/actualite\/2019\/09\/21\/jean-rottner-reintegre-le-service-des-urgences-de-mulhouse\">Jean Rottner qui r\u00e9int\u00e8gre \u00e0 temps partiel son emploi de m\u00e9decin<\/a> urgentiste \u00e0 l\u2019h\u00f4pital de Mulhouse comme s\u2019il anticipait la sanction des urnes en 2021 : cela commence \u00e0 sentir le roussi pour la majorit\u00e9 r\u00e9gionale.<\/p>\n<p>Elle a beau essayer, \u00e0 grands coups de millions d\u2019argent public, de vous faire oublier que le GrandEst vous a \u00e9t\u00e9 impos\u00e9 et proc\u00e9der, de mani\u00e8re path\u00e9tique, au lavage de cerveaux des plus jeunes en promouvant une identit\u00e9 et une histoire GrandEstiennes invent\u00e9es de toutes pi\u00e8ces, la mayonnaise ne prend pas. Le probl\u00e8me est que l\u2019insatisfaction g\u00e9n\u00e9rale ne suffira pas pour assurer un changement de majorit\u00e9 aux prochaines \u00e9lections r\u00e9gionales. Encore faudrait-il qu\u2019une autre majorit\u00e9 \u00e9merge \u00e0 cette occasion. On sait que du c\u00f4t\u00e9 des LR, certains attendent de voir sur quelle face tombera la pi\u00e8ce des investitures et de la t\u00eate de liste (la leur ou celle des pro Rottner) avant de se d\u00e9cider \u00e0 faire v\u00e9ritablement s\u00e9cession, au risque d\u2019ailleurs de devoir se raccrocher un peu tard \u00e0 une liste alternative. De toute fa\u00e7on, si les LR anti Rottner finissent par avoir les faveurs des instances parisiennes du parti et se repr\u00e9sentent sous la m\u00eame \u00e9tiquette que celle qui a amen\u00e9 Richert puis Rottner \u00e0 t\u00eate du Conseil r\u00e9gional, ils auront du mal \u00e0 ne pas \u00eatre comptables du bilan de la majorit\u00e9 sortante aux yeux des \u00e9lecteurs .<\/p>\n<p>Les opposants au GrandEst sont nombreux mais divers . M\u00eame en associant les r\u00e9gionalistes assum\u00e9s d\u2019Unser Land et de 57-Le Parti des Mosellans, quelques r\u00e9gionalistes plus ou moins assum\u00e9s d\u2019autres mouvements politiques (dont les dissidents LR), le compte n\u2019y sera pas. Avec des \u00e9lections sur une circonscription \u00e0 10 d\u00e9partements h\u00e9t\u00e9roclites, Il faut envisager une majorit\u00e9 plus large autour d\u2019id\u00e9es fortes qui ne peuvent pas se limiter au seul engagement d\u2019agir pour la suppression \u00e0 terme du GrandEst et encore moins de la sortie de la seule Alsace. L\u2019autonomie r\u00e9gionale et la d\u00e9mocratie locale, l\u2019urgence climatique et la transition \u00e9cologique, la promotion des sp\u00e9cificit\u00e9s de nos territoires, le tout dans le contexte transfrontalier qui est le n\u00f4tre, voil\u00e0 ce qui devra cimenter cette liste alternative. Avec qui les r\u00e9gionalistes peuvent-ils alors s\u2019allier? On pense naturellement aux \u00e9cologistes . Pour les partis r\u00e9gionalistes alsacien et mosellan membres de la f\u00e9d\u00e9ration R\u00e9gions &amp; Peuples solidaires (qui a fait liste commune aux \u00e9lections europ\u00e9ennes avec Europe \u00c9cologie) et qui se mobilisent au niveau local contre des projets anti environnementaux (dans notre cas\u00a0: prospection de gaz de couche , d\u00e9p\u00f4t d\u2019amiante, rejets de substances chimiques dans le Merle), l\u2019axe r\u00e9gionaliste-\u00e9cologiste est logique, encore faudrait-il que EELV d\u00e9passe les suspicions &#8211; d\u00e9nu\u00e9es de tout fondement l\u00e9gitime &#8211; de quelques-uns de ses cadres et militants \u00e0 l\u2019\u00e9gard des id\u00e9es r\u00e9gionalistes. Quid des d\u00e9fenseurs des territoires issus du centre ou de la droite ? Accepteront-ils de s\u2019allier avec EELV? Les \u00e9cologistes accepteront-ils pour leur part une alliance avec eux alors qu\u2019au niveau local, EELV s\u2019orientent souvent vers des alliances de gauche aux municipales comme \u00e0 Metz ? Quelle place sur cette liste pour les r\u00e9gionalistes de gauche ou les mouvements \u00e9cologistes autres qu\u2019EELV ? Les r\u00e9ponses \u00e0 ces questions viendront \u00e0 mesure que les r\u00e9gionales approcheront, le plus t\u00f4t \u00e9tant toutefois le mieux sous peine de rater une occasion.<\/p>\n<p>A notre niveau se posent aussi un certain nombre de questions plus prosa\u00efques. Des militants et des sympathisants, nous en avons mais sont-ils pr\u00eats \u00e0 \u00eatre candidats et \u00e0 s\u2019investir ? Comment surmonter la difficult\u00e9 de la parit\u00e9 alors que beaucoup plus d\u2019hommes que de femmes s\u2019engagent dans nos rangs ? Comment faire face au co\u00fbt financier d\u2019une participation aux \u00e9lections r\u00e9gionales ? Notre mouvement ne pr\u00e9sentant pas de listes aux municipales de 2020, c\u2019est \u00e0 ces probl\u00e9matiques que nous allons nous atteler au cours de ces prochains mois tout en multipliant les discussions avec les partenaires potentiels et avec notre base . Nous appelons celle-ci \u00e0 sortir des sch\u00e9mas \u00e9lectoraux classiques, \u00e0 prendre la mesure de l\u2019urgence \u00e9cologique, \u00e0 \u00eatre proactifs et \u00e0 interagir.<\/p>\n<p>La bataille des urnes se gagne par une participation sur le terrain au contact des \u00e9lecteurs, pas en se contentant de commentaires sur les r\u00e9seaux sociaux. Jetzt geht\u2019s los\u00a0!<\/p>\n<p>[\/et_pb_text][\/et_pb_column][\/et_pb_row][\/et_pb_section]<\/p>\n","protected":false},"excerpt":{"rendered":"<p>D\u00e9part de plusieurs \u00e9lus du groupe majoritaire pour fonder le groupe dissident \u00ab\u00a0Alsace et territoire\u00a0\u00bb, condamnation en premi\u00e8re instance de Lilla Merabet, vice-pr\u00e9sidente du Conseil r\u00e9gional, ANTICOR qui s\u2019interroge sur les conflits d\u2019int\u00e9r\u00eats de Val\u00e9rie Debord, autre vice-pr\u00e9sidente, m\u00e9contentement tr\u00e8s majoritaire des citoyens des 10 d\u00e9partements constituant l\u2019entit\u00e9 GrandEst face \u00e0 l\u2019absence d\u2019\u00e9conomies et \u00e0 [&hellip;]<\/p>\n","protected":false},"author":3,"featured_media":0,"comment_status":"closed","ping_status":"closed","sticky":true,"template":"","format":"standard","meta":{"_et_pb_use_builder":"on","_et_pb_old_content":"D\u00e9part de plusieurs \u00e9lus du groupe majoritaire pour fonder le <a href=\"https:\/\/www.hebdi.com\/groupe-alsace-majorite-rottner-secouee\/\">groupe dissident \u00ab\u00a0Alsace et territoire\u00a0<\/a>\u00bb, <a href=\"https:\/\/www.rue89strasbourg.com\/lilla-merabet-condamnee-transparence-160048\">condamnation en premi\u00e8re instance de Lilla Merabet<\/a>, vice-pr\u00e9sidente du Conseil r\u00e9gional, <a href=\"https:\/\/www.dna.fr\/politique\/2019\/08\/31\/abbaye-des-premontres-anticor-s-interroge\">ANTICOR qui s\u2019interroge sur les conflits d\u2019int\u00e9r\u00eats de Val\u00e9rie Debord<\/a>, autre vice-pr\u00e9sidente, m\u00e9contentement tr\u00e8s majoritaire des citoyens des 10 d\u00e9partements constituant l\u2019entit\u00e9 GrandEst face \u00e0 l\u2019absence d\u2019\u00e9conomies et \u00e0 l\u2019explosion des \u00a0d\u00e9penses, y compris inutiles (comme ces co\u00fbteux <a href=\"https:\/\/www.dna.fr\/politique\/2018\/07\/12\/la-region-s-offre-une-ambassade-a-paris\">bureaux de repr\u00e9sentation du Grand Est<\/a> \u00e0 Paris inaugur\u00e9s il y a 10 jours) et maintenant <a href=\"https:\/\/www.dna.fr\/actualite\/2019\/09\/21\/jean-rottner-reintegre-le-service-des-urgences-de-mulhouse\">Jean Rottner qui r\u00e9int\u00e8gre \u00e0 temps partiel son emploi de m\u00e9decin<\/a> urgentiste \u00e0 l\u2019h\u00f4pital de Mulhouse comme s\u2019il anticipait la sanction des urnes en 2021 : cela commence \u00e0 sentir le roussi pour la majorit\u00e9 r\u00e9gionale.\n\nElle a beau essayer, \u00e0 grand coup de millions d\u2019argent public, de vous faire oublier que le GrandEst vous a \u00e9t\u00e9 impos\u00e9 et proc\u00e9der, de mani\u00e8re path\u00e9tique, au lavage de cerveaux des plus jeunes en promouvant une identit\u00e9 et une histoire GrandEstiennes invent\u00e9es de toutes pi\u00e8ces , la mayonnaise ne prend pas . Le probl\u00e8me est que l\u2019insatisfaction g\u00e9n\u00e9rale ne suffira pas pour assurer un changement de majorit\u00e9 aux prochaines \u00e9lections r\u00e9gionales. Encore faudrait-il qu\u2019une autre majorit\u00e9 \u00e9merge \u00e0 cette occasion. On sait que du c\u00f4t\u00e9 des LR, certains attendent de voir sur quelle face tombera la pi\u00e8ce des investitures et de la t\u00eate de liste (la leur ou celle des pro Rottner) avant de se d\u00e9cider \u00e0 faire v\u00e9ritablement s\u00e9cession, au risque d\u2019ailleurs de devoir se raccrocher un peu tard \u00e0 une liste alternative. De toute fa\u00e7on, si les LR anti Rottner finissent par avoir les faveurs des instances parisiennes du parti et se repr\u00e9sentent sous la m\u00eame \u00e9tiquette que celle qui a amen\u00e9 Richert puis Rottner \u00e0 t\u00eate du Conseil r\u00e9gional, ils auront du mal \u00e0 ne pas \u00eatre comptables du bilan de la majorit\u00e9 sortante aux yeux des \u00e9lecteurs .\n\nLes opposants au GrandEst sont nombreux mais divers . M\u00eame en associant les r\u00e9gionalistes assum\u00e9s d\u2019Unser Land et de 57-Le Parti des Mosellans , quelques r\u00e9gionalistes plus ou moins assum\u00e9s d\u2019autres mouvements politiques (dont les dissidents LR), le compte n\u2019y sera pas. Avec des \u00e9lections sur une circonscription \u00e0 10 d\u00e9partements h\u00e9t\u00e9roclites, Il faut envisager une majorit\u00e9 plus large autour d\u2019id\u00e9es fortes qui ne peuvent pas se limiter au seul engagement d\u2019agir pour la suppression \u00e0 terme du GrandEst et encore moins de la sortie de la seule Alsace. L\u2019autonomie r\u00e9gionale et la d\u00e9mocratie locale, l\u2019urgence climatique et la transition \u00e9cologique, la promotion des sp\u00e9cificit\u00e9s de nos territoires, le tout dans le contexte transfrontalier qui est le n\u00f4tre, voil\u00e0 ce qui devra cimenter cette liste alternative. Avec qui les r\u00e9gionalistes peuvent-ils alors s\u2019allier? On pense naturellement aux \u00e9cologistes . Pour les partis r\u00e9gionalistes alsacien et mosellan membres de la f\u00e9d\u00e9ration R\u00e9gions &amp; Peuples solidaires (qui a fait liste commune aux \u00e9lections europ\u00e9ennes avec Europe \u00c9cologie) et qui se mobilisent au niveau local contre des projets anti environnementaux (dans notre cas\u00a0: prospection de gaz de couche , d\u00e9p\u00f4t d\u2019amiante, rejets de substances chimiques dans le Merle), l\u2019axe r\u00e9gionaliste-\u00e9cologiste est logique, encore faudrait-il que EELV d\u00e9passe les suspicions - d\u00e9nu\u00e9es de tout fondement l\u00e9gitime - de quelques-uns de ses cadres et militants \u00e0 l\u2019\u00e9gard des id\u00e9es r\u00e9gionalistes. Quid des d\u00e9fenseurs des territoires issus du centre ou de la droite ? Accepteront-ils de s\u2019allier avec EELV? Les \u00e9cologistes accepteront-ils pour leur part une alliance avec eux alors qu\u2019au niveau local, EELV s\u2019orientent souvent vers des alliances de gauche aux municipales comme \u00e0 Metz ? Quel place sur cette liste pour les r\u00e9gionalistes de gauche ou les mouvements \u00e9cologistes autres qu\u2019EELV ? Les r\u00e9ponses \u00e0 ces questions viendront \u00e0 mesure que les r\u00e9gionales approcheront, le plus t\u00f4t \u00e9tant toutefois le mieux sous peine de rater une occasion .\n\nA notre niveau se posent aussi un certain nombre de questions plus prosa\u00efques. Des militants et des sympathisants, nous en avons mais sont-ils pr\u00eats \u00e0 \u00eatre candidats et \u00e0 s\u2019investir ? Comment surmonter la difficult\u00e9 de la parit\u00e9 alors que beaucoup plus d\u2019hommes que de femmes s\u2019engagent dans nos rangs ? Comment faire face au co\u00fbt financier d\u2019une participation aux \u00e9lections r\u00e9gionales ? Notre mouvement ne pr\u00e9sentant pas de listes aux municipales de 2020, c\u2019est \u00e0 ces probl\u00e9matiques que nous allons nous atteler au cours de ces prochains mois tout en multipliant les discussions avec les partenaires potentiels et avec notre base . Nous appelons celle-ci \u00e0 sortir des sch\u00e9mas \u00e9lectoraux classiques, \u00e0 prendre la mesure de l\u2019urgence \u00e9cologique, \u00e0 \u00eatre proactive et \u00e0 interagir. La bataille des urnes se gagne par une participation sur le terrain au contact des \u00e9lecteurs , pas en se contentant de commentaires sur les r\u00e9seaux sociaux. Jetzt geht\u2019s los\u00a0!","_et_gb_content_width":"","footnotes":""},"categories":[70],"tags":[],"class_list":["post-5267","post","type-post","status-publish","format-standard","hentry","category-actualites"],"jetpack_featured_media_url":"","_links":{"self":[{"href":"https:\/\/www.57pdm.org\/de\/wp-json\/wp\/v2\/posts\/5267","targetHints":{"allow":["GET"]}}],"collection":[{"href":"https:\/\/www.57pdm.org\/de\/wp-json\/wp\/v2\/posts"}],"about":[{"href":"https:\/\/www.57pdm.org\/de\/wp-json\/wp\/v2\/types\/post"}],"author":[{"embeddable":true,"href":"https:\/\/www.57pdm.org\/de\/wp-json\/wp\/v2\/users\/3"}],"replies":[{"embeddable":true,"href":"https:\/\/www.57pdm.org\/de\/wp-json\/wp\/v2\/comments?post=5267"}],"version-history":[{"count":7,"href":"https:\/\/www.57pdm.org\/de\/wp-json\/wp\/v2\/posts\/5267\/revisions"}],"predecessor-version":[{"id":5278,"href":"https:\/\/www.57pdm.org\/de\/wp-json\/wp\/v2\/posts\/5267\/revisions\/5278"}],"wp:attachment":[{"href":"https:\/\/www.57pdm.org\/de\/wp-json\/wp\/v2\/media?parent=5267"}],"wp:term":[{"taxonomy":"category","embeddable":true,"href":"https:\/\/www.57pdm.org\/de\/wp-json\/wp\/v2\/categories?post=5267"},{"taxonomy":"post_tag","embeddable":true,"href":"https:\/\/www.57pdm.org\/de\/wp-json\/wp\/v2\/tags?post=5267"}],"curies":[{"name":"wp","href":"https:\/\/api.w.org\/{rel}","templated":true}]}}